{"id":3980,"date":"2023-02-10T14:36:45","date_gmt":"2023-02-10T14:36:45","guid":{"rendered":"http:\/\/www.sac-spa.it\/victoria-pour-lenvironnement\/"},"modified":"2026-03-16T10:35:46","modified_gmt":"2026-03-16T10:35:46","slug":"victoria-pour-lenvironnement","status":"publish","type":"post","link":"https:\/\/www.sac-spa.it\/fr\/victoria-pour-lenvironnement\/","title":{"rendered":"Victoria pour l&#8217;Environnement"},"content":{"rendered":"<h1>Victoria pour l\u00e2\u20ac\u2122Environnement<\/h1>\n<h1>Un petit pas vers un avenir plus durable.<\/h1>\n<p class=\"p1\">Ces derniers temps, l\u00e2\u20ac\u2122accent a \u00c3\u00a9t\u00c3\u00a9 mis sur tout ce qui concerne la durabilit\u00c3\u00a9 environnementale, en essayant d\u00e2\u20ac\u2122inverser certaines tendances n\u00c3\u00a9gatives pour r\u00c3\u00a9duire les dommages et prot\u00c3\u00a9ger l\u00e2\u20ac\u2122environnement.<br \/>\nDans le domaine du travail aussi, de plus en plus d\u00e2\u20ac\u2122entreprises italiennes de la distribution adoptent des pratiques pour favoriser le d\u00c3\u00a9veloppement durable de l\u00e2\u20ac\u2122ensemble du syst\u00c3\u00a8me \u00c3\u00a9conomique.<\/p>\n<p>Dans ce grand th\u00c3\u00a8me, l\u00e2\u20ac\u2122un des domaines les plus impactants est certainement l\u00e2\u20ac\u2122emballage.<br \/>\n\u00c3\u20ac cet \u00c3\u00a9gard, des mises \u00c3\u00a0 jour r\u00c3\u00a9glementaires r\u00c3\u00a9centes ont introduit l\u00e2\u20ac\u2122obligation d\u00e2\u20ac\u2122\u00c3\u00a9tiquetage environnemental : la pr\u00c3\u00a9sence d\u00e2\u20ac\u2122un tableau sur les emballages pour classer la nature des mat\u00c3\u00a9riaux utilis\u00c3\u00a9s.<br \/>\nBien que certaines obligations introduites par le d\u00c3\u00a9cret l\u00c3\u00a9gislatif n\u00c2\u00b0 116 de 2020 aient \u00c3\u00a9t\u00c3\u00a9 suspendues jusqu\u00e2\u20ac\u2122au 31\/12\/2021, notre entreprise s\u00e2\u20ac\u2122est d\u00c3\u00a9j\u00c3\u00a0 efforc\u00c3\u00a9e d\u00e2\u20ac\u2122ajouter \u00c3\u00a0 nos \u00c3\u00a9tiquettes Victoria le tableau indiquant les informations relatives \u00c3\u00a0 l\u00e2\u20ac\u2122\u00c3\u00a9limination des emballages : notre petite contribution \u00c3\u00a0 la construction d\u00e2\u20ac\u2122un avenir plus durable.<\/p>\n<p><img fetchpriority=\"high\" decoding=\"async\" src=\"https:\/\/www.sac-spa.it\/wp-content\/uploads\/2023\/05\/ambiente-pack-1024x505.jpg\" sizes=\"(max-width: 1024px) 100vw, 1024px\" srcset=\"https:\/\/www.sac-spa.it\/wp-content\/uploads\/2023\/05\/ambiente-pack-1024x505.jpg 1024w, https:\/\/www.sac-spa.it\/wp-content\/uploads\/2023\/05\/ambiente-pack-300x148.jpg 300w, https:\/\/www.sac-spa.it\/wp-content\/uploads\/2023\/05\/ambiente-pack-768x379.jpg 768w, https:\/\/www.sac-spa.it\/wp-content\/uploads\/2023\/05\/ambiente-pack.jpg 1400w\" alt=\"\" width=\"1024\" height=\"505\" \/><\/p>\n","protected":false},"excerpt":{"rendered":"<p>Ces derniers temps, l\u00e2\u20ac\u2122accent a \u00c3\u00a9t\u00c3\u00a9 mis sur tout ce qui concerne la durabilit\u00c3\u00a9 environnementale, en essayant d\u00e2\u20ac\u2122inverser certaines tendances n\u00c3\u00a9gatives pour r\u00c3\u00a9duire les dommages et prot\u00c3\u00a9ger l\u00e2\u20ac\u2122environnement.<\/p>\n","protected":false},"author":6,"featured_media":2988,"comment_status":"closed","ping_status":"open","sticky":false,"template":"","format":"standard","meta":{"_acf_changed":false,"site-sidebar-layout":"default","site-content-layout":"","ast-site-content-layout":"default","site-content-style":"default","site-sidebar-style":"default","ast-global-header-display":"","ast-banner-title-visibility":"","ast-main-header-display":"","ast-hfb-above-header-display":"","ast-hfb-below-header-display":"","ast-hfb-mobile-header-display":"","site-post-title":"","ast-breadcrumbs-content":"","ast-featured-img":"disabled","footer-sml-layout":"","theme-transparent-header-meta":"","adv-header-id-meta":"","stick-header-meta":"","header-above-stick-meta":"","header-main-stick-meta":"","header-below-stick-meta":"","astra-migrate-meta-layouts":"set","ast-page-background-enabled":"default","ast-page-background-meta":{"desktop":{"background-color":"var(--ast-global-color-4)","background-image":"","background-repeat":"repeat","background-position":"center center","background-size":"auto","background-attachment":"scroll","background-type":"","background-media":"","overlay-type":"","overlay-color":"","overlay-gradient":""},"tablet":{"background-color":"","background-image":"","background-repeat":"repeat","background-position":"center center","background-size":"auto","background-attachment":"scroll","background-type":"","background-media":"","overlay-type":"","overlay-color":"","overlay-gradient":""},"mobile":{"background-color":"","background-image":"","background-repeat":"repeat","background-position":"center center","background-size":"auto","background-attachment":"scroll","background-type":"","background-media":"","overlay-type":"","overlay-color":"","overlay-gradient":""}},"ast-content-background-meta":{"desktop":{"background-color":"var(--ast-global-color-5)","background-image":"","background-repeat":"repeat","background-position":"center center","background-size":"auto","background-attachment":"scroll","background-type":"","background-media":"","overlay-type":"","overlay-color":"","overlay-gradient":""},"tablet":{"background-color":"var(--ast-global-color-5)","background-image":"","background-repeat":"repeat","background-position":"center center","background-size":"auto","background-attachment":"scroll","background-type":"","background-media":"","overlay-type":"","overlay-color":"","overlay-gradient":""},"mobile":{"background-color":"var(--ast-global-color-5)","background-image":"","background-repeat":"repeat","background-position":"center center","background-size":"auto","background-attachment":"scroll","background-type":"","background-media":"","overlay-type":"","overlay-color":"","overlay-gradient":""}},"footnotes":""},"categories":[187],"tags":[],"class_list":["post-3980","post","type-post","status-publish","format-standard","has-post-thumbnail","hentry","category-news-fr"],"acf":[],"yoast_head":"<!-- This site is optimized with the Yoast SEO plugin v22.0 - https:\/\/yoast.com\/wordpress\/plugins\/seo\/ -->\n<title>Victoria pour l&#039;Environnement - SAC<\/title>\n<meta name=\"robots\" content=\"index, follow, max-snippet:-1, max-image-preview:large, max-video-preview:-1\" \/>\n<link rel=\"canonical\" href=\"https:\/\/www.sac-spa.it\/fr\/victoria-pour-lenvironnement\/\" \/>\n<meta property=\"og:locale\" content=\"fr_FR\" \/>\n<meta property=\"og:type\" content=\"article\" \/>\n<meta property=\"og:title\" content=\"Victoria pour l&#039;Environnement - SAC\" \/>\n<meta property=\"og:description\" content=\"Ces derniers temps, l\u00e2\u20ac\u2122accent a \u00c3\u00a9t\u00c3\u00a9 mis sur tout ce qui concerne la durabilit\u00c3\u00a9 environnementale, en essayant d\u00e2\u20ac\u2122inverser certaines tendances n\u00c3\u00a9gatives pour r\u00c3\u00a9duire les dommages et prot\u00c3\u00a9ger l\u00e2\u20ac\u2122environnement.\" \/>\n<meta property=\"og:url\" content=\"https:\/\/www.sac-spa.it\/fr\/victoria-pour-lenvironnement\/\" \/>\n<meta property=\"og:site_name\" content=\"SAC\" \/>\n<meta property=\"article:published_time\" content=\"2023-02-10T14:36:45+00:00\" \/>\n<meta property=\"article:modified_time\" content=\"2026-03-16T10:35:46+00:00\" \/>\n<meta property=\"og:image\" content=\"https:\/\/www.sac-spa.it\/wp-content\/uploads\/2023\/05\/ambiente.jpg\" \/>\n\t<meta property=\"og:image:width\" content=\"1920\" \/>\n\t<meta property=\"og:image:height\" content=\"1080\" \/>\n\t<meta property=\"og:image:type\" content=\"image\/jpeg\" \/>\n<meta name=\"author\" content=\"alkemy\" \/>\n<meta name=\"twitter:card\" content=\"summary_large_image\" \/>\n<meta name=\"twitter:label1\" content=\"\u00c9crit par\" \/>\n\t<meta name=\"twitter:data1\" content=\"alkemy\" \/>\n\t<meta name=\"twitter:label2\" content=\"Dur\u00e9e de lecture estim\u00e9e\" \/>\n\t<meta name=\"twitter:data2\" content=\"2 minutes\" \/>\n<script type=\"application\/ld+json\" class=\"yoast-schema-graph\">{\"@context\":\"https:\/\/schema.org\",\"@graph\":[{\"@type\":\"Article\",\"@id\":\"https:\/\/www.sac-spa.it\/fr\/victoria-pour-lenvironnement\/#article\",\"isPartOf\":{\"@id\":\"https:\/\/www.sac-spa.it\/fr\/victoria-pour-lenvironnement\/\"},\"author\":{\"name\":\"alkemy\",\"@id\":\"http:\/\/127.0.0.1:8080\/#\/schema\/person\/8dc33827644157fd908b49fb7d77169a\"},\"headline\":\"Victoria pour l&#8217;Environnement\",\"datePublished\":\"2023-02-10T14:36:45+00:00\",\"dateModified\":\"2026-03-16T10:35:46+00:00\",\"mainEntityOfPage\":{\"@id\":\"https:\/\/www.sac-spa.it\/fr\/victoria-pour-lenvironnement\/\"},\"wordCount\":183,\"publisher\":{\"@id\":\"http:\/\/127.0.0.1:8080\/#organization\"},\"articleSection\":[\"News\"],\"inLanguage\":\"fr-FR\"},{\"@type\":\"WebPage\",\"@id\":\"https:\/\/www.sac-spa.it\/fr\/victoria-pour-lenvironnement\/\",\"url\":\"https:\/\/www.sac-spa.it\/fr\/victoria-pour-lenvironnement\/\",\"name\":\"Victoria pour l'Environnement - SAC\",\"isPartOf\":{\"@id\":\"http:\/\/127.0.0.1:8080\/#website\"},\"datePublished\":\"2023-02-10T14:36:45+00:00\",\"dateModified\":\"2026-03-16T10:35:46+00:00\",\"inLanguage\":\"fr-FR\",\"potentialAction\":[{\"@type\":\"ReadAction\",\"target\":[\"https:\/\/www.sac-spa.it\/fr\/victoria-pour-lenvironnement\/\"]}]},{\"@type\":\"WebSite\",\"@id\":\"http:\/\/127.0.0.1:8080\/#website\",\"url\":\"http:\/\/127.0.0.1:8080\/\",\"name\":\"SAC\",\"description\":\"from seed to table\",\"publisher\":{\"@id\":\"http:\/\/127.0.0.1:8080\/#organization\"},\"potentialAction\":[{\"@type\":\"SearchAction\",\"target\":{\"@type\":\"EntryPoint\",\"urlTemplate\":\"http:\/\/127.0.0.1:8080\/?s={search_term_string}\"},\"query-input\":\"required name=search_term_string\"}],\"inLanguage\":\"fr-FR\"},{\"@type\":\"Organization\",\"@id\":\"http:\/\/127.0.0.1:8080\/#organization\",\"name\":\"SAC\",\"url\":\"http:\/\/127.0.0.1:8080\/\",\"logo\":{\"@type\":\"ImageObject\",\"inLanguage\":\"fr-FR\",\"@id\":\"http:\/\/127.0.0.1:8080\/#\/schema\/logo\/image\/\",\"url\":\"https:\/\/www.sac-spa.it\/wp-content\/uploads\/2023\/04\/LOGO-SAC.png\",\"contentUrl\":\"https:\/\/www.sac-spa.it\/wp-content\/uploads\/2023\/04\/LOGO-SAC.png\",\"width\":284,\"height\":153,\"caption\":\"SAC\"},\"image\":{\"@id\":\"http:\/\/127.0.0.1:8080\/#\/schema\/logo\/image\/\"}},{\"@type\":\"Person\",\"@id\":\"http:\/\/127.0.0.1:8080\/#\/schema\/person\/8dc33827644157fd908b49fb7d77169a\",\"name\":\"alkemy\",\"image\":{\"@type\":\"ImageObject\",\"inLanguage\":\"fr-FR\",\"@id\":\"http:\/\/127.0.0.1:8080\/#\/schema\/person\/image\/\",\"url\":\"https:\/\/secure.gravatar.com\/avatar\/851717993c0c52babe4622a6ec8435a1a5ae4ac513100bb1666aeac36019942e?s=96&d=mm&r=g\",\"contentUrl\":\"https:\/\/secure.gravatar.com\/avatar\/851717993c0c52babe4622a6ec8435a1a5ae4ac513100bb1666aeac36019942e?s=96&d=mm&r=g\",\"caption\":\"alkemy\"},\"url\":\"https:\/\/www.sac-spa.it\/fr\/author\/alkemy\/\"}]}<\/script>\n<!-- \/ Yoast SEO plugin. -->","yoast_head_json":{"title":"Victoria pour l'Environnement - SAC","robots":{"index":"index","follow":"follow","max-snippet":"max-snippet:-1","max-image-preview":"max-image-preview:large","max-video-preview":"max-video-preview:-1"},"canonical":"https:\/\/www.sac-spa.it\/fr\/victoria-pour-lenvironnement\/","og_locale":"fr_FR","og_type":"article","og_title":"Victoria pour l'Environnement - SAC","og_description":"Ces derniers temps, l\u00e2\u20ac\u2122accent a \u00c3\u00a9t\u00c3\u00a9 mis sur tout ce qui concerne la durabilit\u00c3\u00a9 environnementale, en essayant d\u00e2\u20ac\u2122inverser certaines tendances n\u00c3\u00a9gatives pour r\u00c3\u00a9duire les dommages et prot\u00c3\u00a9ger l\u00e2\u20ac\u2122environnement.","og_url":"https:\/\/www.sac-spa.it\/fr\/victoria-pour-lenvironnement\/","og_site_name":"SAC","article_published_time":"2023-02-10T14:36:45+00:00","article_modified_time":"2026-03-16T10:35:46+00:00","og_image":[{"width":1920,"height":1080,"url":"https:\/\/www.sac-spa.it\/wp-content\/uploads\/2023\/05\/ambiente.jpg","type":"image\/jpeg"}],"author":"alkemy","twitter_card":"summary_large_image","twitter_misc":{"\u00c9crit par":"alkemy","Dur\u00e9e de lecture estim\u00e9e":"2 minutes"},"schema":{"@context":"https:\/\/schema.org","@graph":[{"@type":"Article","@id":"https:\/\/www.sac-spa.it\/fr\/victoria-pour-lenvironnement\/#article","isPartOf":{"@id":"https:\/\/www.sac-spa.it\/fr\/victoria-pour-lenvironnement\/"},"author":{"name":"alkemy","@id":"http:\/\/127.0.0.1:8080\/#\/schema\/person\/8dc33827644157fd908b49fb7d77169a"},"headline":"Victoria pour l&#8217;Environnement","datePublished":"2023-02-10T14:36:45+00:00","dateModified":"2026-03-16T10:35:46+00:00","mainEntityOfPage":{"@id":"https:\/\/www.sac-spa.it\/fr\/victoria-pour-lenvironnement\/"},"wordCount":183,"publisher":{"@id":"http:\/\/127.0.0.1:8080\/#organization"},"articleSection":["News"],"inLanguage":"fr-FR"},{"@type":"WebPage","@id":"https:\/\/www.sac-spa.it\/fr\/victoria-pour-lenvironnement\/","url":"https:\/\/www.sac-spa.it\/fr\/victoria-pour-lenvironnement\/","name":"Victoria pour l'Environnement - SAC","isPartOf":{"@id":"http:\/\/127.0.0.1:8080\/#website"},"datePublished":"2023-02-10T14:36:45+00:00","dateModified":"2026-03-16T10:35:46+00:00","inLanguage":"fr-FR","potentialAction":[{"@type":"ReadAction","target":["https:\/\/www.sac-spa.it\/fr\/victoria-pour-lenvironnement\/"]}]},{"@type":"WebSite","@id":"http:\/\/127.0.0.1:8080\/#website","url":"http:\/\/127.0.0.1:8080\/","name":"SAC","description":"from seed to table","publisher":{"@id":"http:\/\/127.0.0.1:8080\/#organization"},"potentialAction":[{"@type":"SearchAction","target":{"@type":"EntryPoint","urlTemplate":"http:\/\/127.0.0.1:8080\/?s={search_term_string}"},"query-input":"required name=search_term_string"}],"inLanguage":"fr-FR"},{"@type":"Organization","@id":"http:\/\/127.0.0.1:8080\/#organization","name":"SAC","url":"http:\/\/127.0.0.1:8080\/","logo":{"@type":"ImageObject","inLanguage":"fr-FR","@id":"http:\/\/127.0.0.1:8080\/#\/schema\/logo\/image\/","url":"https:\/\/www.sac-spa.it\/wp-content\/uploads\/2023\/04\/LOGO-SAC.png","contentUrl":"https:\/\/www.sac-spa.it\/wp-content\/uploads\/2023\/04\/LOGO-SAC.png","width":284,"height":153,"caption":"SAC"},"image":{"@id":"http:\/\/127.0.0.1:8080\/#\/schema\/logo\/image\/"}},{"@type":"Person","@id":"http:\/\/127.0.0.1:8080\/#\/schema\/person\/8dc33827644157fd908b49fb7d77169a","name":"alkemy","image":{"@type":"ImageObject","inLanguage":"fr-FR","@id":"http:\/\/127.0.0.1:8080\/#\/schema\/person\/image\/","url":"https:\/\/secure.gravatar.com\/avatar\/851717993c0c52babe4622a6ec8435a1a5ae4ac513100bb1666aeac36019942e?s=96&d=mm&r=g","contentUrl":"https:\/\/secure.gravatar.com\/avatar\/851717993c0c52babe4622a6ec8435a1a5ae4ac513100bb1666aeac36019942e?s=96&d=mm&r=g","caption":"alkemy"},"url":"https:\/\/www.sac-spa.it\/fr\/author\/alkemy\/"}]}},"_links":{"self":[{"href":"https:\/\/www.sac-spa.it\/fr\/wp-json\/wp\/v2\/posts\/3980","targetHints":{"allow":["GET"]}}],"collection":[{"href":"https:\/\/www.sac-spa.it\/fr\/wp-json\/wp\/v2\/posts"}],"about":[{"href":"https:\/\/www.sac-spa.it\/fr\/wp-json\/wp\/v2\/types\/post"}],"author":[{"embeddable":true,"href":"https:\/\/www.sac-spa.it\/fr\/wp-json\/wp\/v2\/users\/6"}],"replies":[{"embeddable":true,"href":"https:\/\/www.sac-spa.it\/fr\/wp-json\/wp\/v2\/comments?post=3980"}],"version-history":[{"count":5,"href":"https:\/\/www.sac-spa.it\/fr\/wp-json\/wp\/v2\/posts\/3980\/revisions"}],"predecessor-version":[{"id":5250,"href":"https:\/\/www.sac-spa.it\/fr\/wp-json\/wp\/v2\/posts\/3980\/revisions\/5250"}],"wp:featuredmedia":[{"embeddable":true,"href":"https:\/\/www.sac-spa.it\/fr\/wp-json\/wp\/v2\/media\/2988"}],"wp:attachment":[{"href":"https:\/\/www.sac-spa.it\/fr\/wp-json\/wp\/v2\/media?parent=3980"}],"wp:term":[{"taxonomy":"category","embeddable":true,"href":"https:\/\/www.sac-spa.it\/fr\/wp-json\/wp\/v2\/categories?post=3980"},{"taxonomy":"post_tag","embeddable":true,"href":"https:\/\/www.sac-spa.it\/fr\/wp-json\/wp\/v2\/tags?post=3980"}],"curies":[{"name":"wp","href":"https:\/\/api.w.org\/{rel}","templated":true}]}}